{"id":2291,"date":"2026-03-02T15:15:22","date_gmt":"2026-03-02T15:15:22","guid":{"rendered":"https:\/\/arealco.de\/?p=2291"},"modified":"2026-03-02T15:15:22","modified_gmt":"2026-03-02T15:15:22","slug":"frankfurt-bekommt-neue-stadtteile","status":"publish","type":"post","link":"https:\/\/arealco.de\/index.php\/2026\/03\/02\/frankfurt-bekommt-neue-stadtteile\/","title":{"rendered":"Frankfurt bekommt neue Stadtteile"},"content":{"rendered":"\n<p>In Niederursel entsteht ein neuer Stadtteil, das Leben neu definiert. Moderne Architektur trifft auf h\u00f6chste Lebensqualit\u00e4t. Exakt f\u00fcr junge Familien geeignet Sozialwohnungen auch vorhanden<\/p>\n","protected":false},"excerpt":{"rendered":"<p>In Niederursel entsteht ein neuer Stadtteil, das Leben neu definiert. Moderne Architektur trifft&#8230;<\/p>\n","protected":false},"author":1,"featured_media":0,"comment_status":"open","ping_status":"open","sticky":false,"template":"","format":"standard","meta":{"footnotes":""},"categories":[1],"tags":[],"class_list":["post-2291","post","type-post","status-publish","format-standard","hentry","category-uncategorized"],"_links":{"self":[{"href":"https:\/\/arealco.de\/index.php\/wp-json\/wp\/v2\/posts\/2291","targetHints":{"allow":["GET"]}}],"collection":[{"href":"https:\/\/arealco.de\/index.php\/wp-json\/wp\/v2\/posts"}],"about":[{"href":"https:\/\/arealco.de\/index.php\/wp-json\/wp\/v2\/types\/post"}],"author":[{"embeddable":true,"href":"https:\/\/arealco.de\/index.php\/wp-json\/wp\/v2\/users\/1"}],"replies":[{"embeddable":true,"href":"https:\/\/arealco.de\/index.php\/wp-json\/wp\/v2\/comments?post=2291"}],"version-history":[{"count":1,"href":"https:\/\/arealco.de\/index.php\/wp-json\/wp\/v2\/posts\/2291\/revisions"}],"predecessor-version":[{"id":2292,"href":"https:\/\/arealco.de\/index.php\/wp-json\/wp\/v2\/posts\/2291\/revisions\/2292"}],"wp:attachment":[{"href":"https:\/\/arealco.de\/index.php\/wp-json\/wp\/v2\/media?parent=2291"}],"wp:term":[{"taxonomy":"category","embeddable":true,"href":"https:\/\/arealco.de\/index.php\/wp-json\/wp\/v2\/categories?post=2291"},{"taxonomy":"post_tag","embeddable":true,"href":"https:\/\/arealco.de\/index.php\/wp-json\/wp\/v2\/tags?post=2291"}],"curies":[{"name":"wp","href":"https:\/\/api.w.org\/{rel}","templated":true}]}}